{"id":935,"date":"2019-09-29T21:16:11","date_gmt":"2019-09-29T19:16:11","guid":{"rendered":"http:\/\/osobdravinji.splet.arnes.si\/?p=935"},"modified":"2019-09-30T08:51:01","modified_gmt":"2019-09-30T06:51:01","slug":"priznanje-zavoda-za-solstvo-rs-za-prispevek-v-pedagoskem-forumu-ob-dnevu-jezikov","status":"publish","type":"post","link":"https:\/\/www.osobdravinji.si\/?p=935","title":{"rendered":"PRIZNANJE ZAVODA ZA \u0160OLSTVO RS ZA PRISPEVEK V PEDAGO\u0160KEM FORUMU OB DNEVU JEZIKOV"},"content":{"rendered":"<p>V \u0161olskem letu 2018\/2019 smo na na\u0161i \u0161oli ob dnevu jezikov pripravili jezikovno tr\u017enico, kjer smo predstavili deset jezikov, ki na tak\u0161en ali druga\u010den na\u010din \u017eivijo na na\u0161i \u0161oli. Z na\u0161im prispevkom smo se udele\u017eili tekmovanja in bili izbrani med deset najbolj\u0161ih v Sloveniji. Nagrado smo prejeli v sredo, 25. septembra 2019, v Hi\u0161i evropske unije v Ljubljani. Nagovoril nas je minister za \u0161olstvo, Jernej Pikalo, ogledali pa smo si lahko tudi jezikovne tr\u017enice treh \u0161ol, in sicer O\u0160 Josipa Vandota Kranjska Gora, O\u0160 Davorina Jenka Cerklje na Gorenjskem in O\u0160 Puconci. \u0160e naprej bomo opominjali na pomen u\u010denja jezikov in spodbujali ve\u010djezi\u010dnost.<\/p>\n<p><img loading=\"lazy\" decoding=\"async\" class=\"alignnone wp-image-939 size-full\" src=\"http:\/\/osobdravinji.splet.arnes.si\/files\/2019\/09\/20190925_092650-e1569825945315.jpg\" alt=\"\" width=\"4032\" height=\"1960\" srcset=\"https:\/\/www.osobdravinji.si\/files\/2019\/09\/20190925_092650-e1569825945315.jpg 4032w, https:\/\/www.osobdravinji.si\/files\/2019\/09\/20190925_092650-e1569825945315-300x146.jpg 300w, https:\/\/www.osobdravinji.si\/files\/2019\/09\/20190925_092650-e1569825945315-768x373.jpg 768w, https:\/\/www.osobdravinji.si\/files\/2019\/09\/20190925_092650-e1569825945315-1024x498.jpg 1024w, https:\/\/www.osobdravinji.si\/files\/2019\/09\/20190925_092650-e1569825945315-113x55.jpg 113w, https:\/\/www.osobdravinji.si\/files\/2019\/09\/20190925_092650-e1569825945315-947x460.jpg 947w, https:\/\/www.osobdravinji.si\/files\/2019\/09\/20190925_092650-e1569825945315-624x303.jpg 624w\" sizes=\"auto, (max-width: 4032px) 100vw, 4032px\" \/><img loading=\"lazy\" decoding=\"async\" class=\"alignnone wp-image-941 size-full\" src=\"http:\/\/osobdravinji.splet.arnes.si\/files\/2019\/09\/20190925_113158-e1569826199555.jpg\" alt=\"\" width=\"4032\" height=\"1960\" srcset=\"https:\/\/www.osobdravinji.si\/files\/2019\/09\/20190925_113158-e1569826199555.jpg 4032w, https:\/\/www.osobdravinji.si\/files\/2019\/09\/20190925_113158-e1569826199555-300x146.jpg 300w, https:\/\/www.osobdravinji.si\/files\/2019\/09\/20190925_113158-e1569826199555-768x373.jpg 768w, https:\/\/www.osobdravinji.si\/files\/2019\/09\/20190925_113158-e1569826199555-1024x498.jpg 1024w, https:\/\/www.osobdravinji.si\/files\/2019\/09\/20190925_113158-e1569826199555-113x55.jpg 113w, https:\/\/www.osobdravinji.si\/files\/2019\/09\/20190925_113158-e1569826199555-947x460.jpg 947w, https:\/\/www.osobdravinji.si\/files\/2019\/09\/20190925_113158-e1569826199555-624x303.jpg 624w\" sizes=\"auto, (max-width: 4032px) 100vw, 4032px\" \/><\/p>\n<p>Lena Peko\u0161ak, 9. b<\/p>\n","protected":false},"excerpt":{"rendered":"<p>V \u0161olskem letu 2018\/2019 smo na na\u0161i \u0161oli ob dnevu jezikov pripravili jezikovno tr\u017enico, kjer smo predstavili deset jezikov, ki na tak\u0161en ali druga\u010den na\u010din \u017eivijo na na\u0161i \u0161oli. Z na\u0161im prispevkom smo se udele\u017eili tekmovanja in bili izbrani med deset najbolj\u0161ih v Sloveniji. Nagrado smo prejeli v sredo, 25. septembra 2019, v Hi\u0161i evropske unije v Ljubljani. Nagovoril nas je minister za \u0161olstvo, Jernej Pikalo, ogledali pa smo si lahko tudi jezikovne tr\u017enice treh \u0161ol, in sicer O\u0160 Josipa Vandota Kranjska Gora, O\u0160 Davorina Jenka Cerklje na Gorenjskem in O\u0160 Puconci. \u0160e naprej bomo opominjali na pomen u\u010denja jezikov [&hellip;]<\/p>\n","protected":false},"author":35615,"featured_media":0,"comment_status":"closed","ping_status":"closed","sticky":false,"template":"","format":"standard","meta":{"footnotes":""},"categories":[1],"tags":[],"class_list":["post-935","post","type-post","status-publish","format-standard","hentry","category-novice"],"_links":{"self":[{"href":"https:\/\/www.osobdravinji.si\/index.php?rest_route=\/wp\/v2\/posts\/935","targetHints":{"allow":["GET"]}}],"collection":[{"href":"https:\/\/www.osobdravinji.si\/index.php?rest_route=\/wp\/v2\/posts"}],"about":[{"href":"https:\/\/www.osobdravinji.si\/index.php?rest_route=\/wp\/v2\/types\/post"}],"author":[{"embeddable":true,"href":"https:\/\/www.osobdravinji.si\/index.php?rest_route=\/wp\/v2\/users\/35615"}],"replies":[{"embeddable":true,"href":"https:\/\/www.osobdravinji.si\/index.php?rest_route=%2Fwp%2Fv2%2Fcomments&post=935"}],"version-history":[{"count":5,"href":"https:\/\/www.osobdravinji.si\/index.php?rest_route=\/wp\/v2\/posts\/935\/revisions"}],"predecessor-version":[{"id":949,"href":"https:\/\/www.osobdravinji.si\/index.php?rest_route=\/wp\/v2\/posts\/935\/revisions\/949"}],"wp:attachment":[{"href":"https:\/\/www.osobdravinji.si\/index.php?rest_route=%2Fwp%2Fv2%2Fmedia&parent=935"}],"wp:term":[{"taxonomy":"category","embeddable":true,"href":"https:\/\/www.osobdravinji.si\/index.php?rest_route=%2Fwp%2Fv2%2Fcategories&post=935"},{"taxonomy":"post_tag","embeddable":true,"href":"https:\/\/www.osobdravinji.si\/index.php?rest_route=%2Fwp%2Fv2%2Ftags&post=935"}],"curies":[{"name":"wp","href":"https:\/\/api.w.org\/{rel}","templated":true}]}}