{"id":759,"date":"2019-09-15T08:52:05","date_gmt":"2019-09-15T06:52:05","guid":{"rendered":"http:\/\/osobdravinji.splet.arnes.si\/?p=759"},"modified":"2019-09-18T12:40:01","modified_gmt":"2019-09-18T10:40:01","slug":"tekmovanje-male-sive-celice","status":"publish","type":"post","link":"https:\/\/www.osobdravinji.si\/?p=759","title":{"rendered":"TEKMOVANJE MALE SIVE CELICE"},"content":{"rendered":"<p>V sredo, 11. 9. 2019, je na III. O\u0160 Celje potekal regijski izbor televizijske oddaje Male sive celice. Tekmovanja\u00a0 se je udele\u017eilo 37 ekip, ki so jih sestavljali u\u010denci sedmih, osmih in devetih razredov. Med njimi sta bili tudi dve ekipi na\u0161e \u0161ole, in sicer v sestavi: Urh Hla\u010dar in Vid Ir\u0161i\u010d iz 7. c\u00a0 razreda,\u00a0 Dominik Plohl iz 8. a, Bla\u017eka Mlakar iz 8. c\u00a0 razreda, Ulrik Lebeni\u010dnik Trstenjak iz 9. a ter \u017diga Pu\u0161nik \u017dnidar\u0161i\u010d iz 9. b razreda.<\/p>\n<p>Obe ekipi sta pokazali zelo \u0161iroko znanje. \u0160e posebej pa se je izkazala ekipa, v sestavi: Urh Hla\u010dar, Dominik Plohl in \u017diga Pu\u0161nik \u017dnidar\u0161i\u010d. Postali so regijski prvaki in se uvrstili v televizijsko oddajo. Druga ekipa (Vid Ir\u0161i\u010d, Bla\u017eka Mlakar in Urlik Lebeni\u010dnik Trstenjak) pa se je na pisnem delu uvrstila med prvih deset.<\/p>\n<p>Iskrene \u010destitke obema ekipama, saj sta pokazali \u0161iroko razgledanost in veliko splo\u0161nega znanja.<\/p>\n<p>Zmagovalcem pa \u017eelimo uspe\u0161no sodelovanje v televizijski oddaji.<\/p>\n<p>Mentorica: Anica Vehovar<\/p>\n<p><img loading=\"lazy\" decoding=\"async\" class=\"alignnone size-medium wp-image-809\" src=\"http:\/\/osobdravinji.splet.arnes.si\/files\/2019\/09\/IMG_0721-300x225.jpg\" alt=\"\" width=\"300\" height=\"225\" srcset=\"https:\/\/www.osobdravinji.si\/files\/2019\/09\/IMG_0721-300x225.jpg 300w, https:\/\/www.osobdravinji.si\/files\/2019\/09\/IMG_0721-73x55.jpg 73w, https:\/\/www.osobdravinji.si\/files\/2019\/09\/IMG_0721-624x468.jpg 624w, https:\/\/www.osobdravinji.si\/files\/2019\/09\/IMG_0721.jpg 640w\" sizes=\"auto, (max-width: 300px) 100vw, 300px\" \/> <img loading=\"lazy\" decoding=\"async\" class=\"alignnone size-medium wp-image-811\" src=\"http:\/\/osobdravinji.splet.arnes.si\/files\/2019\/09\/IMG_0723-300x225.jpg\" alt=\"\" width=\"300\" height=\"225\" srcset=\"https:\/\/www.osobdravinji.si\/files\/2019\/09\/IMG_0723-300x225.jpg 300w, https:\/\/www.osobdravinji.si\/files\/2019\/09\/IMG_0723-73x55.jpg 73w, https:\/\/www.osobdravinji.si\/files\/2019\/09\/IMG_0723-624x468.jpg 624w, https:\/\/www.osobdravinji.si\/files\/2019\/09\/IMG_0723.jpg 640w\" sizes=\"auto, (max-width: 300px) 100vw, 300px\" \/><\/p>\n","protected":false},"excerpt":{"rendered":"<p>V sredo, 11. 9. 2019, je na III. O\u0160 Celje potekal regijski izbor televizijske oddaje Male sive celice. Tekmovanja\u00a0 se je udele\u017eilo 37 ekip, ki so jih sestavljali u\u010denci sedmih, osmih in devetih razredov. Med njimi sta bili tudi dve ekipi na\u0161e \u0161ole, in sicer v sestavi: Urh Hla\u010dar in Vid Ir\u0161i\u010d iz 7. c\u00a0 razreda,\u00a0 Dominik Plohl iz 8. a, Bla\u017eka Mlakar iz 8. c\u00a0 razreda, Ulrik Lebeni\u010dnik Trstenjak iz 9. a ter \u017diga Pu\u0161nik \u017dnidar\u0161i\u010d iz 9. b razreda. Obe ekipi sta pokazali zelo \u0161iroko znanje. \u0160e posebej pa se je izkazala ekipa, v sestavi: Urh Hla\u010dar, Dominik [&hellip;]<\/p>\n","protected":false},"author":35617,"featured_media":0,"comment_status":"closed","ping_status":"closed","sticky":false,"template":"","format":"standard","meta":{"footnotes":""},"categories":[1],"tags":[],"class_list":["post-759","post","type-post","status-publish","format-standard","hentry","category-novice"],"_links":{"self":[{"href":"https:\/\/www.osobdravinji.si\/index.php?rest_route=\/wp\/v2\/posts\/759","targetHints":{"allow":["GET"]}}],"collection":[{"href":"https:\/\/www.osobdravinji.si\/index.php?rest_route=\/wp\/v2\/posts"}],"about":[{"href":"https:\/\/www.osobdravinji.si\/index.php?rest_route=\/wp\/v2\/types\/post"}],"author":[{"embeddable":true,"href":"https:\/\/www.osobdravinji.si\/index.php?rest_route=\/wp\/v2\/users\/35617"}],"replies":[{"embeddable":true,"href":"https:\/\/www.osobdravinji.si\/index.php?rest_route=%2Fwp%2Fv2%2Fcomments&post=759"}],"version-history":[{"count":3,"href":"https:\/\/www.osobdravinji.si\/index.php?rest_route=\/wp\/v2\/posts\/759\/revisions"}],"predecessor-version":[{"id":813,"href":"https:\/\/www.osobdravinji.si\/index.php?rest_route=\/wp\/v2\/posts\/759\/revisions\/813"}],"wp:attachment":[{"href":"https:\/\/www.osobdravinji.si\/index.php?rest_route=%2Fwp%2Fv2%2Fmedia&parent=759"}],"wp:term":[{"taxonomy":"category","embeddable":true,"href":"https:\/\/www.osobdravinji.si\/index.php?rest_route=%2Fwp%2Fv2%2Fcategories&post=759"},{"taxonomy":"post_tag","embeddable":true,"href":"https:\/\/www.osobdravinji.si\/index.php?rest_route=%2Fwp%2Fv2%2Ftags&post=759"}],"curies":[{"name":"wp","href":"https:\/\/api.w.org\/{rel}","templated":true}]}}