{"id":4585,"date":"2020-06-04T12:12:39","date_gmt":"2020-06-04T10:12:39","guid":{"rendered":"http:\/\/osobdravinji.splet.arnes.si\/?p=4585"},"modified":"2020-06-04T12:12:39","modified_gmt":"2020-06-04T10:12:39","slug":"z-gorickega-v-piran","status":"publish","type":"post","link":"https:\/\/www.osobdravinji.si\/?p=4585","title":{"rendered":"Z GORI\u010cKEGA V PIRAN"},"content":{"rendered":"<p>Zdru\u017eenje veteranov 90-91 mesta Ljubljana in biv\u0161ih ljubljanskih ob\u010din z Osnovno \u0161olo Vi\u010d je v tem \u0161olskem letu razpisalo \u017ee 12. literarni nate\u010daj Moja rodna domovina, ki je tokrat nosil pomenljiv naslov Z Gori\u010dkega v Piran. U\u010denci in u\u010denke od 6. do 9. razreda, ki obiskujejo osnovne \u0161ole v Republiki Sloveniji in zamejstvu, so v svojih delih opisovali, kako do\u017eivljajo svojo domovino, kak\u0161ni so njihovi ob\u010dutki, ko razmi\u0161ljajo o njej, in nenazadnje kak\u0161no prihodnost vidijo v tej majhni de\u017eeli na son\u010dni strani Alp. Tudi na\u0161a \u0161ola je za nate\u010daj prispevala \u0161tevilna odli\u010dna dela. Njihovo kakovost je v mno\u017eici prispelih izdelkov iz vse Slovenije prepoznala tudi \u00a0pet\u010dlanska strokovna komisija profesoric sloven\u0161\u010dine in predstavnikov Zdru\u017eenja veteranov. Nagrajenke na\u0161e \u0161ole so tako postale <strong>Neja Kova\u010d iz 8. b-razreda, Bla\u017eka Mlakar iz 8. c-razreda in Aj\u0161a Sivka iz 9. b-razreda<\/strong>. Iskrene \u010destitke tudi njihovim mentoricam: gospe Valentini Volav\u0161ek, gospe Joviti Kova\u010d in gospe Tini Esih.<\/p>\n","protected":false},"excerpt":{"rendered":"<p>Zdru\u017eenje veteranov 90-91 mesta Ljubljana in biv\u0161ih ljubljanskih ob\u010din z Osnovno \u0161olo Vi\u010d je v tem \u0161olskem letu razpisalo \u017ee 12. literarni nate\u010daj Moja rodna domovina, ki je tokrat nosil pomenljiv naslov Z Gori\u010dkega v Piran. U\u010denci in u\u010denke od 6. do 9. razreda, ki obiskujejo osnovne \u0161ole v Republiki Sloveniji in zamejstvu, so v svojih delih opisovali, kako do\u017eivljajo svojo domovino, kak\u0161ni so njihovi ob\u010dutki, ko razmi\u0161ljajo o njej, in nenazadnje kak\u0161no prihodnost vidijo v tej majhni de\u017eeli na son\u010dni strani Alp. Tudi na\u0161a \u0161ola je za nate\u010daj prispevala \u0161tevilna odli\u010dna dela. Njihovo kakovost je v mno\u017eici prispelih izdelkov [&hellip;]<\/p>\n","protected":false},"author":35617,"featured_media":0,"comment_status":"closed","ping_status":"closed","sticky":false,"template":"","format":"standard","meta":{"footnotes":""},"categories":[1],"tags":[],"class_list":["post-4585","post","type-post","status-publish","format-standard","hentry","category-novice"],"_links":{"self":[{"href":"https:\/\/www.osobdravinji.si\/index.php?rest_route=\/wp\/v2\/posts\/4585","targetHints":{"allow":["GET"]}}],"collection":[{"href":"https:\/\/www.osobdravinji.si\/index.php?rest_route=\/wp\/v2\/posts"}],"about":[{"href":"https:\/\/www.osobdravinji.si\/index.php?rest_route=\/wp\/v2\/types\/post"}],"author":[{"embeddable":true,"href":"https:\/\/www.osobdravinji.si\/index.php?rest_route=\/wp\/v2\/users\/35617"}],"replies":[{"embeddable":true,"href":"https:\/\/www.osobdravinji.si\/index.php?rest_route=%2Fwp%2Fv2%2Fcomments&post=4585"}],"version-history":[{"count":1,"href":"https:\/\/www.osobdravinji.si\/index.php?rest_route=\/wp\/v2\/posts\/4585\/revisions"}],"predecessor-version":[{"id":4587,"href":"https:\/\/www.osobdravinji.si\/index.php?rest_route=\/wp\/v2\/posts\/4585\/revisions\/4587"}],"wp:attachment":[{"href":"https:\/\/www.osobdravinji.si\/index.php?rest_route=%2Fwp%2Fv2%2Fmedia&parent=4585"}],"wp:term":[{"taxonomy":"category","embeddable":true,"href":"https:\/\/www.osobdravinji.si\/index.php?rest_route=%2Fwp%2Fv2%2Fcategories&post=4585"},{"taxonomy":"post_tag","embeddable":true,"href":"https:\/\/www.osobdravinji.si\/index.php?rest_route=%2Fwp%2Fv2%2Ftags&post=4585"}],"curies":[{"name":"wp","href":"https:\/\/api.w.org\/{rel}","templated":true}]}}