{"id":4531,"date":"2020-05-29T15:12:19","date_gmt":"2020-05-29T13:12:19","guid":{"rendered":"http:\/\/osobdravinji.splet.arnes.si\/?p=4531"},"modified":"2020-05-29T15:16:33","modified_gmt":"2020-05-29T13:16:33","slug":"informacije-in-navodila-ob-vracanju-ucencev-v-solo-ucenci-od-4-do-8-razreda","status":"publish","type":"post","link":"https:\/\/www.osobdravinji.si\/?p=4531","title":{"rendered":"INFORMACIJE IN NAVODILA OB VRA\u010cANJU U\u010cENCEV V \u0160OLO \u2013 u\u010denci od 4. do 8. razreda"},"content":{"rendered":"<p><span style=\"color: #ff0000\"><strong>1. UVOD<\/strong><\/span><\/p>\n<p>Spo\u0161tovani star\u0161i, dragi u\u010denci.<\/p>\n<p>Obve\u0161\u010damo vas, da smo v \u010detrtek, 28. maja, s strani MIZ\u0160 prejeli navodila o organizaciji vzgojno-izobra\u017eevalnega dela do konca \u0161olskega leta \u0161e za u\u010dence od 4. do 8. razreda.<\/p>\n<p>&nbsp;<\/p>\n<p><span style=\"color: #3366ff\"><strong>V ponedeljek, 1. junija 2020, se v\u00a0 \u0161olo vra\u010dajo u\u010denci <u>4. in 5. razreda.<\/u><\/strong><\/span><\/p>\n<p><span style=\"color: #3366ff\"><strong>V sredo, 3. junija 2020, pa se v \u0161olo vra\u010dajo tudi u\u010denci <u>6., 7. in 8. razreda.<\/u><\/strong><\/span><\/p>\n<p><span style=\"color: #3366ff\"><strong>Vzgojno-izobra\u017eevalno delo bo potekalo kot pred razglasitvijo pandemije. Pouk v drugem in tretjem triletju bo organiziran <u>v mati\u010dni u\u010dilnici oddelka<\/u>, u\u010denci u\u010dilnic ne menjajo, lahko pa vanje vstopajo razli\u010dni u\u010ditelji (skladno z urnikom pouka in organizacijo dela). <\/strong><\/span><\/p>\n<p><span style=\"color: #3366ff\"><strong><u>Urnik pouka bo enak, kot je bil pred 16. 3. 2020.<\/u><\/strong><\/span><\/p>\n<p><span style=\"color: #3366ff\"><strong>Ker moramo upo\u0161tevati priporo\u010dila NIJZ in skladno z njimi zagotoviti pogoje za varnost vseh v na\u0161em \u0161olskem prostoru, j<\/strong><strong>e <\/strong><strong>potrebno dosledno upo\u0161tevati vse higienske ukrepe na \u0161oli in delovati samoza\u0161\u010ditno.<\/strong><\/span><\/p>\n<p><span style=\"color: #3366ff\"><strong>Pro\u0161nja ministrice za \u0161olstvo dr. Simone Kustec je, da se \u010dim manj uporablja \u0161olski prevoz. Zato vas napro\u0161amo, \u00a0da tisti, ki imate mo\u017enost, otroke pripeljete v \u0161olo sami.<\/strong><\/span><\/p>\n<p><strong>V \u0161olo se lahko vrnejo le zdravi otroci. <\/strong><\/p>\n<p><strong>Star\u0161e napro\u0161amo, da u\u010denci prvi dan ob povratku prinesejo podpisano izjavo star\u0161ev pred vstopom v \u0161olo o zdravstvenem stanju otroka. <\/strong><\/p>\n<p><strong><u>Pouk naj obiskujejo le zdravi u\u010denci, brez znakov akutne oku\u017ebe dihal.<\/u><\/strong><\/p>\n<p>&nbsp;<\/p>\n<p><span style=\"color: #ff0000\"><strong>2. HIGIENSKI UKREPI NA \u0160OLI<\/strong><\/span><\/p>\n<p>\u0160ola je dol\u017ena upo\u0161tevati stroge higienske ukrepe in protokole \u010di\u0161\u010denja \u00a0v skladu s priporo\u010dili, ki jih je pripravil NIJZ.<\/p>\n<p><span style=\"color: #ff0000\"><strong><em>2.1 Splo\u0161ni higienski ukrepi<\/em><\/strong><\/span><\/p>\n<ul>\n<li><span style=\"color: #3366ff\"><em>Higiena ka\u0161lja.<\/em><\/span><\/li>\n<li><span style=\"color: #3366ff\"><em>Redno in temeljito umivanje rok z milom in vodo.<\/em><\/span><\/li>\n<li><span style=\"color: #3366ff\"><em>Razku\u017eevanje rok.<\/em><\/span><\/li>\n<li><span style=\"color: #3366ff\"><em>Vzdr\u017eevanje zadostne medosebne razdalje.<\/em><\/span><\/li>\n<li><span style=\"color: #3366ff\"><em>Zra\u010denje prostorov<\/em><\/span><\/li>\n<\/ul>\n<p><span style=\"color: #ff0000\"><strong><em>2.2 Infografika in ozna\u010devanje \u0161olskih prostorov<\/em><\/strong><\/span><\/p>\n<p><span style=\"color: #3366ff\"><em>\u0160olske prostore so ozna\u010deni s talnimi oznakami in koridorji za vzdr\u017eevanje \u017eeljene 1,5 do 2 metrske medosebne razdalje. Namen tega ukrepa je zagotoviti \u010dim manj stikov med razli\u010dnimi skupinami u\u010dencev.<\/em><\/span><\/p>\n<p><span style=\"color: #ff0000\"><strong><em>2.3 Osebna za\u0161\u010ditna oprema<\/em><\/strong><\/span><\/p>\n<p><span style=\"color: #3366ff\">Priporo\u010dilo NIJZ je, da vsi zaposleni in starej\u0161i od 12 let <u>v objektu \u0161ole nosijo maske<\/u>; zaposleni ves \u010das, <u>u\u010denci, starej\u0161i od 12 let, pa izven u\u010dilnice.<\/u><\/span><\/p>\n<p><span style=\"color: #3366ff\">Vsi zaposleni v skladu s priporo\u010dili NIJZ v \u0161oli nosijo maske.<\/span><\/p>\n<p>&nbsp;<\/p>\n<p><span style=\"color: #ff0000\"><strong>3. PROTOKOL PRIHODA V \u0160OLO IN VSTOPANJA V \u0160OLSKI OBJEKT IN<\/strong><strong> ODHODA IZ \u0160OLE<\/strong><\/span><\/p>\n<p>V skladu s higienskimi ukrepi vas opozarjamo tudi na spremembe pri prihodu v \u0161olo.<\/p>\n<ul>\n<li><span style=\"color: #3366ff\"><strong>U\u010denci od 4. do 8. razreda v \u0161olo vstopajo pri glavnem vhodu.<\/strong><\/span><\/li>\n<li><span style=\"color: #3366ff\"><strong>V \u0161olo vstopajo posami\u010dno in poskrbijo, da ohranjajo 1,5 \u2013 2 m medosebno varnostno razdaljo.<\/strong><\/span><\/li>\n<li><span style=\"color: #3366ff\"><strong>Ob vstopu v \u0161olo si obvezno razku\u017eijo roke.<\/strong><\/span><\/li>\n<\/ul>\n<p>&nbsp;<\/p>\n<p><span style=\"color: #ff0000\"><strong>4. ORGANIZACIJA VZGOJNO-IZOBRA\u017dEVALNEGA DELA NA \u0160OLI<\/strong><\/span><\/p>\n<p><span style=\"color: #ff0000\"><strong><em>4.1 Varstvo voza\u010dev in podalj\u0161ano bivanje<\/em><\/strong><\/span><\/p>\n<p><span style=\"color: #3366ff\"><strong>U\u010denci voza\u010di bodo imeli varstvo voza\u010dev v avli \u0161ole in v knji\u017enici, u\u010denci, ki niso voza\u010di, naj v \u0161olo pridejo v skladu z urnikom in ne prej. Zadr\u017eevanje v ve\u010djih skupinah ali na igri\u0161\u010du ni dovoljeno.<\/strong><\/span><\/p>\n<p><span style=\"color: #3366ff\"><strong>Podalj\u0161ano bivanje bo organizirano kot pred zaprtjem \u0161ol. Zaradi prostorskih in kadrovskih te\u017eav ter upo\u0161tevanja priporo\u010dil NIJZ napro\u0161amo star\u0161e, da u\u010denci prihajajo v PB, \u010de je to res nujno.<\/strong><\/span><\/p>\n<p><span style=\"color: #ff0000\"><strong><em>4.2 Na\u010din prihajanja v \u0161olo in odhajanja domov<\/em><\/strong><\/span><\/p>\n<p>NIJZ priporo\u010da, da u\u010denci prihajajo v \u0161olo predvsem pe\u0161, kjer je mogo\u010de. V drugih primerih star\u0161i poskrbite za individualni prevoz otrok v \u0161olo, brez zdru\u017eevanja u\u010dencev. V primeru, da nimate druge mo\u017enosti, in bodo u\u010denci v \u0161olo prihajali s \u0161olskimi avtobusi je potrebno upo\u0161tevati higienska priporo\u010dila na avtobusu.<\/p>\n<p><span style=\"color: #3366ff\"><strong><u>Vozni redi \u0161olskih avtobusov so zjutraj po obi\u010dajnem urniku. <\/u><\/strong><\/span><\/p>\n<p><span style=\"color: #3366ff\"><strong>Avtobusni prevoznik opozarja, da si morajo otroci pri vstopu razku\u017eiti roke in \u00a0<u>nositi za\u0161\u010ditne maske<\/u>.<\/strong><\/span><\/p>\n<p><span style=\"color: #ff0000\"><strong><em>4.3 \u0160olska prehrana<\/em><\/strong><\/span><\/p>\n<p><span style=\"color: #3366ff\"><strong>\u0160olska prehrana bo organizirana kot obi\u010dajno, za u\u010dence bodo pripravljeni obroki kot pred zaprtjem \u0161ole<\/strong>.<\/span> Pri tem bomo upo\u0161tevali priporo\u010dila NIJZ.<\/p>\n<p>Odjave in prijave \u0161olske prehrane bodo potekale na ustaljen na\u010din.<\/p>\n<p><strong>Jedilniki bodo enostavnej\u0161i, malice bodo pripravljene enoporcijsko.<\/strong><\/p>\n<p><span style=\"color: #ff0000\"><strong><em>4.4 Organizacija VIZ dela \u2013 razdelitev v skupine in u\u010ditelji<\/em><\/strong><\/span><\/p>\n<p><span style=\"color: #3366ff\"><strong>Pouk bo za u\u010dence posameznega razreda potekal ves \u010das v MATI\u010cNI u\u010dilnici.<\/strong><\/span><\/p>\n<p><span style=\"color: #ff0000\"><strong><em>4.5 Urnik <\/em><\/strong><\/span><\/p>\n<p><span style=\"color: #3366ff\"><strong>Pouk bo za vse u\u010dence potekal po rednem urniku; u\u010dence od 6. do 8. razreda obve\u0161\u010damo, da je naslednji teden URNIK SODI TEDEN.<\/strong><\/span><\/p>\n<p><span style=\"color: #ff0000\"><strong><em>4.6 U\u010dne vsebine<\/em><\/strong><\/span><\/p>\n<p><span style=\"color: #3366ff\"><strong>U\u010ditelji poskrbijo, da 1. \u0161olsko uro ob vrnitvi vse u\u010dence seznanijo s protokolom izvajanja pouka \u00a0v \u010dasu epidemije COVID-19 oz. s pravili obna\u0161anja in z gibanjem na \u0161oli.<\/strong><\/span><\/p>\n<p><span style=\"color: #3366ff\"><strong>Nato bo \u0161olsko delo v razredu usmerjeno v preverjanje usvojenega znanja v \u010dasu izobra\u017eevanja na daljavo in ocenjevanja znanja ter zaklju\u010devanja ocen.<\/strong><\/span><\/p>\n<p><span style=\"color: #ff0000\"><strong><em>4.7 \u0160olske potreb\u0161\u010dine in \u0161olska torba<\/em><\/strong><\/span><\/p>\n<p><strong><u>U\u010denci 4. in 5. razreda<\/u><\/strong><\/p>\n<p><span style=\"color: #3366ff\"><strong>U\u010denci naj prvi \u0161olski dan v \u0161olo prinesejo vse \u0161olske potreb\u0161\u010dine, nato pa jih bodo vse pu\u0161\u010dali v \u0161oli. \u0160olskih potreb\u0161\u010din ne bodo odna\u0161ali domov.<\/strong><\/span><\/p>\n<p><span style=\"color: #3366ff\"><strong>Poskrbite, da v \u0161olo poleg u\u010dnih gradiv prinesejo svoje u\u010dne pripomo\u010dke: barvice, lepilo, \u0161karje. Izogibati se je treba delitvi opreme in pripomo\u010dkov.<\/strong><\/span><\/p>\n<p><span style=\"color: #3366ff\"><strong>Prav tako naj u\u010denci v \u0161olo prinesejo bidon za vodo.<\/strong><\/span><\/p>\n<p><span style=\"color: #3366ff\"><strong>U\u010denci naj imajo s sabo vsakodnevno tudi topla obla\u010dila, saj se bodo prostori pogosto zra\u010dili, veliko pa se bodo tudi zadr\u017eevali izven u\u010dilnic.<\/strong><\/span><\/p>\n<p><strong><u>U\u010denci 6., 7. in 8. razreda<\/u><\/strong><\/p>\n<p><span style=\"color: #3366ff\"><strong>U\u010denci v \u0161olo prina\u0161ajo \u0161olske potreb\u0161\u010dine glede na urnik. \u0160olske torbe obvezno skrbno odlo\u017eijo pri svoji mizici in jih ne odlagajo drugje po \u0161oli. Vsak dan doma poskrbijo, da vse potreb\u0161\u010dine ustrezno razku\u017eijo oz. da jih odlagajo na isto mesto, s \u010dim stika z ostalimi doma\u010dimi predmeti<\/strong><\/span><\/p>\n<p><span style=\"color: #3366ff\"><strong>U\u010denci v \u0161olo prina\u0161ajo \u0161olske potreb\u0161\u010dine glede na urnik. \u0160olske torbe obvezno skrbno odlo\u017eijo pri svoji mizici in jih ne odlagajo drugje po \u0161oli. Vsak dan doma poskrbijo, da vse potreb\u0161\u010dine ustrezno razku\u017eijo oz. da jih odlagajo na isto mesto, s \u010dim stika z ostalimi doma\u010dimi predmeti.<\/strong><\/span><\/p>\n<p><span style=\"color: #ff0000\"><strong><em>4.8 Komunikacija \u0161ola \u2013 star\u0161i<\/em><\/strong><\/span><\/p>\n<p>Za uspe\u0161no sodelovanje je pomembna sprotna in kvalitetna komunikacija med star\u0161i in \u0161olo. Star\u0161i bodite v rednem stiku z razredniki in u\u010ditelji po e- po\u0161ti, telefonu ali drugih elektronskih povezavah.<\/p>\n<p><strong>\u010ce mora star\u0161 nujno vstopiti v \u0161olsko stavbo, morate uporabiti masko, pri vhodu pa si razku\u017eiti roke.<\/strong><\/p>\n<p><span style=\"color: #ff0000\"><strong><em>4.9 Psiholo\u0161ka priprava otroka<\/em><\/strong><\/span><\/p>\n<p>Za uspe\u0161no vklju\u010ditev otrok v \u0161olo je pomembno, da se star\u0161i z otroki pogovorite o ponovnem odprtju \u0161ole in jim predstavite pozitivne vidike. Razlo\u017eite jim pomembnost upo\u0161tevanja higienskih ukrepov in pomen vzdr\u017eevanja medosebne varnostne razdalje.<\/p>\n<p><span style=\"color: #ff0000\"><strong><em>4.10 Zobozdravstvena oskrba<\/em><\/strong><\/span><\/p>\n<p>\u0160olska zobozdravnica dr. Aleksandra Ledl sporo\u010da, da se v \u0161olski ambulanti \u017ee izvaja zobozdravstvena oskrba, zato bodite na to pripravljeni. V vsakem primeru boste iz zobne ambulante pred posegom prejeli klic.<\/p>\n<p>&nbsp;<\/p>\n<p><span style=\"color: #ff0000\"><strong>5. NAGOVOR RAVNATELJICE<\/strong><\/span><\/p>\n<p><span style=\"color: #3366ff\"><strong>Spo\u0161tovani star\u0161i. <\/strong><\/span><\/p>\n<p><span style=\"color: #3366ff\"><strong>Priporo\u010dila NIJZ pravijo, da je potrebno u\u010dence in vas, star\u0161i, seznaniti z dejstvom, da je ob ponovnem zagonu pouka tveganje za prenos oku\u017ebe z virusom SARS-CoV-2 ve\u010dje. Temu ustrezno sku\u0161ajte za\u0161\u010dititi svoje morebitne starej\u0161e ali imunsko oslabele sorodnike oziroma osebe, ki ste jim blizu \u2013 kontakti z njimi naj bodo na zadostni razdalji in z uporabo maske.<\/strong><\/span><\/p>\n<p><span style=\"color: #3366ff\"><strong>\u00a0<\/strong><\/span><\/p>\n<p><span style=\"color: #3366ff\"><strong>Dragi u\u010denci od 4. do 8. razreda.<\/strong><\/span><\/p>\n<p><span style=\"color: #3366ff\"><strong>Veseli smo, da se vra\u010date v \u0161olo in da bomo \u0161olsko leto skupaj zaklju\u010dili v na\u0161ih \u0161olskih prostorih. Res pa je, da bo potrebno v \u0161oli dosledno upo\u0161tevati preventivne ukrepe. Na spremenjeni \u0161olski red se boste morali hitro navaditi.<\/strong><\/span><\/p>\n<p><span style=\"color: #3366ff\"><strong>Prepri\u010dana sem, da nam bo skupaj uspelo in da bomo to \u0161olsko leto vsi skupaj zaklju\u010dili ZDRAVI IN ZADOVOLJNI.<\/strong><\/span><\/p>\n<p><strong>\u00a0<\/strong><\/p>\n<p><span style=\"color: #3366ff\"><strong>NA SVIDENJE V \u0160OLI!<\/strong><\/span><\/p>\n<p>&nbsp;<\/p>\n<p>Prilogi:<\/p>\n<p><strong><a href=\"http:\/\/osobdravinji.splet.arnes.si\/files\/2020\/05\/IZJAVA-STARS\u030cEV-PRED-VSTOPOM-V-S\u030cOLO-OS\u030c-OB-DRAVINJI.doc\">IZJAVA STAR\u0160EV PRED VSTOPOM V \u0160OLO &#8211; O\u0160 OB DRAVINJI<\/a><\/strong><\/p>\n<p><strong><a href=\"http:\/\/osobdravinji.splet.arnes.si\/files\/2020\/05\/10303_Higienska-priporoc\u030cila-za-osnovne_sole_s_prilogami-29052020.pdf\">Higienska priporo\u010dila za osnovne\u0161ole<\/a><\/strong><\/p>\n<p>&nbsp;<\/p>\n<p>Ravnateljica\u00a0 mag. Nevenka Brdnik<\/p>\n","protected":false},"excerpt":{"rendered":"<p>1. UVOD Spo\u0161tovani star\u0161i, dragi u\u010denci. Obve\u0161\u010damo vas, da smo v \u010detrtek, 28. maja, s strani MIZ\u0160 prejeli navodila o organizaciji vzgojno-izobra\u017eevalnega dela do konca \u0161olskega leta \u0161e za u\u010dence od 4. do 8. razreda. &nbsp; V ponedeljek, 1. junija 2020, se v\u00a0 \u0161olo vra\u010dajo u\u010denci 4. in 5. razreda. V sredo, 3. junija 2020, pa se v \u0161olo vra\u010dajo tudi u\u010denci 6., 7. in 8. razreda. Vzgojno-izobra\u017eevalno delo bo potekalo kot pred razglasitvijo pandemije. Pouk v drugem in tretjem triletju bo organiziran v mati\u010dni u\u010dilnici oddelka, u\u010denci u\u010dilnic ne menjajo, lahko pa vanje vstopajo razli\u010dni u\u010ditelji (skladno z urnikom [&hellip;]<\/p>\n","protected":false},"author":35617,"featured_media":0,"comment_status":"closed","ping_status":"closed","sticky":false,"template":"","format":"standard","meta":{"footnotes":""},"categories":[1],"tags":[],"class_list":["post-4531","post","type-post","status-publish","format-standard","hentry","category-novice"],"_links":{"self":[{"href":"https:\/\/www.osobdravinji.si\/index.php?rest_route=\/wp\/v2\/posts\/4531","targetHints":{"allow":["GET"]}}],"collection":[{"href":"https:\/\/www.osobdravinji.si\/index.php?rest_route=\/wp\/v2\/posts"}],"about":[{"href":"https:\/\/www.osobdravinji.si\/index.php?rest_route=\/wp\/v2\/types\/post"}],"author":[{"embeddable":true,"href":"https:\/\/www.osobdravinji.si\/index.php?rest_route=\/wp\/v2\/users\/35617"}],"replies":[{"embeddable":true,"href":"https:\/\/www.osobdravinji.si\/index.php?rest_route=%2Fwp%2Fv2%2Fcomments&post=4531"}],"version-history":[{"count":4,"href":"https:\/\/www.osobdravinji.si\/index.php?rest_route=\/wp\/v2\/posts\/4531\/revisions"}],"predecessor-version":[{"id":4543,"href":"https:\/\/www.osobdravinji.si\/index.php?rest_route=\/wp\/v2\/posts\/4531\/revisions\/4543"}],"wp:attachment":[{"href":"https:\/\/www.osobdravinji.si\/index.php?rest_route=%2Fwp%2Fv2%2Fmedia&parent=4531"}],"wp:term":[{"taxonomy":"category","embeddable":true,"href":"https:\/\/www.osobdravinji.si\/index.php?rest_route=%2Fwp%2Fv2%2Fcategories&post=4531"},{"taxonomy":"post_tag","embeddable":true,"href":"https:\/\/www.osobdravinji.si\/index.php?rest_route=%2Fwp%2Fv2%2Ftags&post=4531"}],"curies":[{"name":"wp","href":"https:\/\/api.w.org\/{rel}","templated":true}]}}