{"id":2827,"date":"2020-03-08T19:06:22","date_gmt":"2020-03-08T18:06:22","guid":{"rendered":"http:\/\/osobdravinji.splet.arnes.si\/?p=2827"},"modified":"2020-03-08T19:11:48","modified_gmt":"2020-03-08T18:11:48","slug":"posodobljene-informacije-glede-koronavirusa","status":"publish","type":"post","link":"https:\/\/www.osobdravinji.si\/?p=2827","title":{"rendered":"POSODOBLJENE INFORMACIJE GLEDE KORONAVIRUSA"},"content":{"rendered":"<p>Spo\u0161tovani star\u0161i.<\/p>\n<p>&nbsp;<\/p>\n<p>Glede na potrjene primere oku\u017ebe z novim koronavirusom v Sloveniji, vam \u017eelimo posredovati informacije o trenutno veljavnih preventivnih ukrepih, ki smo jih sprejeli v preteklem tednu na \u0161oli in ki so klju\u010dnega pomena za prepre\u010devanje \u0161irjenja virusa.<\/p>\n<p>&nbsp;<\/p>\n<p>Med po\u010ditnicami smo za vse u\u010dence in zaposlene pripravili gradivo o preventivnih ukrepih, ki smo ga namestili v avlo \u0161ole in v vse u\u010dilnice, tako na mati\u010dni \u0161oli kot na podru\u017enici Tepanje.<\/p>\n<p><strong>Poskrbeli smo, da smo u\u010dence na prvi \u0161olski dan po po\u010ditnicah dosledno seznanili s temi preventivnimi ukrepi (higiena ka\u0161lja, pravilno umivanje rok, uporaba razku\u017eil) in v okviru preventivnega na\u010drta okrepili ukrepe na podro\u010dju \u010di\u0161\u010denja \u0161olskih prostorov.<\/strong><\/p>\n<p><strong>\u00a0<\/strong><\/p>\n<p>Po \u0161oli smo namestili razku\u017eevalnike za roke in u\u010dence podu\u010dili o smiselni in varni rabi razku\u017eila. Poskrbeli smo, da u\u010ditelji tekom dneva u\u010dence dosledno opozarjajo na pravilno umivanje rok, na uporabo brisa\u010dk, prti\u010dkov in seveda papirnatih robcev ter tako bdijo nad higieno u\u010dencev. Prav tako u\u010ditelji skrbno spremljajo u\u010dence in v primeru, da pri njih zaznajo slabo po\u010dutje ali znake prehladnega obolenja, o tem nemudoma obvestijo star\u0161e, ki u\u010dence odpeljejo domov.\u00a0 U\u010denci v takem stanju so namre\u010d \u0161e bolj dovzetni za kakr\u0161nekoli oku\u017ebe.<\/p>\n<p>&nbsp;<\/p>\n<p>Na \u0161oli smo sprejeli ukrepe, ki jih narekujejo smernice s strani NIJZ in s strani MIZ\u0160:<\/p>\n<ul>\n<li>sprejeli smo na\u010drt za zagotavljanje kontinuiranega dela v \u010dasu mo\u017enosti \u0161irjenja oku\u017ebe;<\/li>\n<li>imenovali smo delovno-koordinacijsko skupino \u0161ole, ki usklajuje izvajanje na\u010drta za koordinacijo aktivnosti v \u010dasu pojavljanja in \u0161irjenja virusa;<\/li>\n<li>na \u0161oli smo dolo\u010dili prostor \u2013 izolirnico, ki je namenjena morebitni potrebi po karanteni.<\/li>\n<\/ul>\n<p><strong>Ves \u010das spremljamo smernice, ki nam jih narekuje NIJZ in sledimo okro\u017enicam s strani MIZ\u0160.<\/strong><\/p>\n<p><strong>Prav tako smo se v petek, po raz\u0161irjenem posvetu, ki ga je organiziral Zdravstveni dom Slov. Konjice, odlo\u010dili, da zaradi pove\u010danega tveganja<u> prireditev Rojstvo, ki je bila na\u010drtovana za 12. marca, prestavimo na kasnej\u0161i \u010das.<\/u><\/strong><\/p>\n<p>Na\u0161a odlo\u010ditev se je izkazala za pravilno, saj je v soboto, 7. marca, \u00a0minister za zdravje z Odredbo o prepovedi zbiranja na prireditvah v javnih prostorih tak\u0161ne prireditve tudi\u00a0 prepovedal.<\/p>\n<p>MIZ\u0160 je v petkovi okro\u017enici \u0161olam posredovalo tudi slede\u010de smernice: \u00bb<\/p>\n<p><em>\u00bbGlede na usmeritve NIJZ za osebe, ki prihajajo iz obmo\u010dij, kjer se pojavlja novi koronavirus, in so zdravi, niso potrebni posebni ukrepi. Te osebe so lahko normalno vklju\u010dene in ne potrebujejo doma\u010de karantene.\u00ab<\/em><\/p>\n<p><strong>Prav je, da skupaj z vami, spo\u0161tovani star\u0161i, poskrbimo, da bomo vzgojno-izobra\u017eevalne dejavnosti izvajali v umirjenem okolju, brez prekomerne panike in z doslednim delovanjem v skladu z navodili NIJZ.<\/strong><\/p>\n<p><strong>O vseh novih ukrepih in dogajanju v povezavi s korona virusom vas bomo sproti obve\u0161\u010dali. <\/strong><\/p>\n<p><strong>\u017delimo pa, da poskrbite, da v primeru, da va\u0161i otroci ka\u017eejo znake prehlada ali slabega po\u010dutja, otroke zadr\u017eite v doma\u010di oskrbi.<\/strong><\/p>\n<p><strong>V pomo\u010d vam bodo morda tudi naslednje povezave:<\/strong><\/p>\n<ul>\n<li><a href=\"https:\/\/paka3.mss.edus.si\/okroznice\/datoteke\/9644_Korona%20virus%20-%20posodobljene%20usmeritve.pdf\">https:\/\/paka3.mss.edus.si\/okroznice\/datoteke\/9644_Korona%20virus%20-%20posodobljene%20usmeritve.pdf<\/a><\/li>\n<li><a href=\"https:\/\/www.gov.si\/podrocja\/zdravje\/preventiva-in-skrb-za-zdravje\/obvladovanje-nalezljivih-bolezni\/koronavirus\/\">https:\/\/www.gov.si\/podrocja\/zdravje\/preventiva-in-skrb-za-zdravje\/obvladovanje-nalezljivih-bolezni\/koronavirus\/<\/a><\/li>\n<li><a href=\"https:\/\/www.gov.si\/podrocja\/zdravje\/preventiva-in-skrb-za-zdravje\/obvladovanje-nalezljivih-bolezni\/koronavirus\/preprecevanje-okuzbe\/\">https:\/\/www.gov.si\/podrocja\/zdravje\/preventiva-in-skrb-za-zdravje\/obvladovanje-nalezljivih-bolezni\/koronavirus\/preprecevanje-okuzbe\/<\/a><\/li>\n<li><a href=\"https:\/\/www.nijz.si\/sl\/pojav-novega-koronavirusa-2019-ncov\">https:\/\/www.nijz.si\/sl\/pojav-novega-koronavirusa-2019-ncov<\/a><\/li>\n<li><a href=\"https:\/\/www.nijz.si\/sl\/miti-in-resnice-o-koronavirusu-covid-19\">https:\/\/www.nijz.si\/sl\/miti-in-resnice-o-koronavirusu-covid-19<\/a><\/li>\n<li><a href=\"https:\/\/www.nijz.si\/sl\/koronavirus-pogosta-vprasanja-in-odgovori\">https:\/\/www.nijz.si\/sl\/koronavirus-pogosta-vprasanja-in-odgovori<\/a><\/li>\n<\/ul>\n<p style=\"text-align: right\">ravnateljica<\/p>\n<p style=\"text-align: right\">mag. Nevenka Brdnik<\/p>\n","protected":false},"excerpt":{"rendered":"<p>Spo\u0161tovani star\u0161i. &nbsp; Glede na potrjene primere oku\u017ebe z novim koronavirusom v Sloveniji, vam \u017eelimo posredovati informacije o trenutno veljavnih preventivnih ukrepih, ki smo jih sprejeli v preteklem tednu na \u0161oli in ki so klju\u010dnega pomena za prepre\u010devanje \u0161irjenja virusa. &nbsp; Med po\u010ditnicami smo za vse u\u010dence in zaposlene pripravili gradivo o preventivnih ukrepih, ki smo ga namestili v avlo \u0161ole in v vse u\u010dilnice, tako na mati\u010dni \u0161oli kot na podru\u017enici Tepanje. Poskrbeli smo, da smo u\u010dence na prvi \u0161olski dan po po\u010ditnicah dosledno seznanili s temi preventivnimi ukrepi (higiena ka\u0161lja, pravilno umivanje rok, uporaba razku\u017eil) in v okviru [&hellip;]<\/p>\n","protected":false},"author":36039,"featured_media":0,"comment_status":"closed","ping_status":"closed","sticky":false,"template":"","format":"standard","meta":{"footnotes":""},"categories":[1],"tags":[],"class_list":["post-2827","post","type-post","status-publish","format-standard","hentry","category-novice"],"_links":{"self":[{"href":"https:\/\/www.osobdravinji.si\/index.php?rest_route=\/wp\/v2\/posts\/2827","targetHints":{"allow":["GET"]}}],"collection":[{"href":"https:\/\/www.osobdravinji.si\/index.php?rest_route=\/wp\/v2\/posts"}],"about":[{"href":"https:\/\/www.osobdravinji.si\/index.php?rest_route=\/wp\/v2\/types\/post"}],"author":[{"embeddable":true,"href":"https:\/\/www.osobdravinji.si\/index.php?rest_route=\/wp\/v2\/users\/36039"}],"replies":[{"embeddable":true,"href":"https:\/\/www.osobdravinji.si\/index.php?rest_route=%2Fwp%2Fv2%2Fcomments&post=2827"}],"version-history":[{"count":5,"href":"https:\/\/www.osobdravinji.si\/index.php?rest_route=\/wp\/v2\/posts\/2827\/revisions"}],"predecessor-version":[{"id":2837,"href":"https:\/\/www.osobdravinji.si\/index.php?rest_route=\/wp\/v2\/posts\/2827\/revisions\/2837"}],"wp:attachment":[{"href":"https:\/\/www.osobdravinji.si\/index.php?rest_route=%2Fwp%2Fv2%2Fmedia&parent=2827"}],"wp:term":[{"taxonomy":"category","embeddable":true,"href":"https:\/\/www.osobdravinji.si\/index.php?rest_route=%2Fwp%2Fv2%2Fcategories&post=2827"},{"taxonomy":"post_tag","embeddable":true,"href":"https:\/\/www.osobdravinji.si\/index.php?rest_route=%2Fwp%2Fv2%2Ftags&post=2827"}],"curies":[{"name":"wp","href":"https:\/\/api.w.org\/{rel}","templated":true}]}}