{"id":2323,"date":"2020-02-12T17:04:09","date_gmt":"2020-02-12T16:04:09","guid":{"rendered":"http:\/\/osobdravinji.splet.arnes.si\/?p=2323"},"modified":"2020-02-16T20:20:42","modified_gmt":"2020-02-16T19:20:42","slug":"slovenski-kulturni-praznik","status":"publish","type":"post","link":"https:\/\/www.osobdravinji.si\/?p=2323","title":{"rendered":"SLOVENSKI KULTURNI PRAZNIK"},"content":{"rendered":"<h5><span style=\"color: #000000;font-family: Arial;font-size: small\">Tudi letos smo v po\u010dastitev slovenskega kulturnega praznika v avli \u0161ole pripravili kratko proslavo, na kateri smo se spomnili veli\u010dine dr. Franceta Pre\u0161erna in \u0161ir\u0161ega pomena kulture.<br \/>\nSkozi celotno kulturno dogajanje sta nas zelo spro\u0161\u010deno, malce igrivo, a vendarle spo\u0161tljivo popeljala voditelja, tretje\u0161olca Vita in Aleks. Prireditev se je pri\u010dela ob zvokih slovenske himne, ki so nam jo zapeli \u010dlani otro\u0161kega pevskega zbora. S svojo \u017eivahnostjo in igrivostjo pa so se v nadaljevanju predstavili \u0161e s pesmicama Backi za lahko no\u010d in Moj o\u010dka ima konji\u010dka dva. V nadaljevanju smo prisluhnili u\u010dencem 2. b razreda, ki so se nam predstavili z deklamacijo pesmi Kaj je kultura? U\u010denci 2. a in 2. c razreda pa so nam skozi igro in ples pribli\u017eali ter predstavili Pre\u0161ernovo pesem Povodni mo\u017e. Pesem O, Vrba so deklamirali u\u010denci 5. b razreda, s katero so \u0161e dodatno obogatili kulturni program. Na prireditvi so zaigrali tudi \u010dlani \u0161olskega orkestra, ki so z igranjem na in\u0161trumente navdu\u0161ili vse prisotne. Prireditev se je zaklju\u010dila v veselem razpolo\u017eenju, saj so se vsi nastopajo\u010di potrudili in odli\u010dno izpeljali svoje nastope, v kar ni dvomiti, saj je vsaka od to\u010dk po\u017eela velik aplavz.<\/span><\/h5>\n<p><a href=\"http:\/\/osobdravinji.splet.arnes.si\/files\/2020\/02\/IMG_7238.jpg\"><img loading=\"lazy\" decoding=\"async\" class=\"alignnone size-large wp-image-2403\" src=\"http:\/\/osobdravinji.splet.arnes.si\/files\/2020\/02\/IMG_7238-1024x768.jpg\" alt=\"\" width=\"887\" height=\"665\" srcset=\"https:\/\/www.osobdravinji.si\/files\/2020\/02\/IMG_7238-1024x768.jpg 1024w, https:\/\/www.osobdravinji.si\/files\/2020\/02\/IMG_7238-300x225.jpg 300w, https:\/\/www.osobdravinji.si\/files\/2020\/02\/IMG_7238-768x576.jpg 768w, https:\/\/www.osobdravinji.si\/files\/2020\/02\/IMG_7238-73x55.jpg 73w, https:\/\/www.osobdravinji.si\/files\/2020\/02\/IMG_7238-947x710.jpg 947w, https:\/\/www.osobdravinji.si\/files\/2020\/02\/IMG_7238-624x468.jpg 624w\" sizes=\"auto, (max-width: 887px) 100vw, 887px\" \/><\/a> <a href=\"http:\/\/osobdravinji.splet.arnes.si\/files\/2020\/02\/IMG_2122.jpg\"><img loading=\"lazy\" decoding=\"async\" class=\"alignnone size-large wp-image-2405\" src=\"http:\/\/osobdravinji.splet.arnes.si\/files\/2020\/02\/IMG_2122-1024x768.jpg\" alt=\"\" width=\"887\" height=\"665\" srcset=\"https:\/\/www.osobdravinji.si\/files\/2020\/02\/IMG_2122-1024x768.jpg 1024w, https:\/\/www.osobdravinji.si\/files\/2020\/02\/IMG_2122-300x225.jpg 300w, https:\/\/www.osobdravinji.si\/files\/2020\/02\/IMG_2122-768x576.jpg 768w, https:\/\/www.osobdravinji.si\/files\/2020\/02\/IMG_2122-73x55.jpg 73w, https:\/\/www.osobdravinji.si\/files\/2020\/02\/IMG_2122-947x710.jpg 947w, https:\/\/www.osobdravinji.si\/files\/2020\/02\/IMG_2122-624x468.jpg 624w\" sizes=\"auto, (max-width: 887px) 100vw, 887px\" \/><\/a> <a href=\"http:\/\/osobdravinji.splet.arnes.si\/files\/2020\/02\/IMG_2126.jpg\"><img loading=\"lazy\" decoding=\"async\" class=\"alignnone size-large wp-image-2407\" src=\"http:\/\/osobdravinji.splet.arnes.si\/files\/2020\/02\/IMG_2126-1024x768.jpg\" alt=\"\" width=\"887\" height=\"665\" srcset=\"https:\/\/www.osobdravinji.si\/files\/2020\/02\/IMG_2126-1024x768.jpg 1024w, https:\/\/www.osobdravinji.si\/files\/2020\/02\/IMG_2126-300x225.jpg 300w, https:\/\/www.osobdravinji.si\/files\/2020\/02\/IMG_2126-768x576.jpg 768w, https:\/\/www.osobdravinji.si\/files\/2020\/02\/IMG_2126-73x55.jpg 73w, https:\/\/www.osobdravinji.si\/files\/2020\/02\/IMG_2126-947x710.jpg 947w, https:\/\/www.osobdravinji.si\/files\/2020\/02\/IMG_2126-624x468.jpg 624w\" sizes=\"auto, (max-width: 887px) 100vw, 887px\" \/><\/a> <a href=\"http:\/\/osobdravinji.splet.arnes.si\/files\/2020\/02\/IMG_8265.jpg\"><img loading=\"lazy\" decoding=\"async\" class=\"alignnone size-large wp-image-2409\" src=\"http:\/\/osobdravinji.splet.arnes.si\/files\/2020\/02\/IMG_8265-1024x576.jpg\" alt=\"\" width=\"887\" height=\"499\" srcset=\"https:\/\/www.osobdravinji.si\/files\/2020\/02\/IMG_8265-1024x576.jpg 1024w, https:\/\/www.osobdravinji.si\/files\/2020\/02\/IMG_8265-300x169.jpg 300w, https:\/\/www.osobdravinji.si\/files\/2020\/02\/IMG_8265-768x432.jpg 768w, https:\/\/www.osobdravinji.si\/files\/2020\/02\/IMG_8265-98x55.jpg 98w, https:\/\/www.osobdravinji.si\/files\/2020\/02\/IMG_8265-947x533.jpg 947w, https:\/\/www.osobdravinji.si\/files\/2020\/02\/IMG_8265-624x351.jpg 624w\" sizes=\"auto, (max-width: 887px) 100vw, 887px\" \/><\/a><\/p>\n","protected":false},"excerpt":{"rendered":"<p>Tudi letos smo v po\u010dastitev slovenskega kulturnega praznika v avli \u0161ole pripravili kratko proslavo, na kateri smo se spomnili veli\u010dine dr. Franceta Pre\u0161erna in \u0161ir\u0161ega pomena kulture. Skozi celotno kulturno dogajanje sta nas zelo spro\u0161\u010deno, malce igrivo, a vendarle spo\u0161tljivo popeljala voditelja, tretje\u0161olca Vita in Aleks. Prireditev se je pri\u010dela ob zvokih slovenske himne, ki so nam jo zapeli \u010dlani otro\u0161kega pevskega zbora. S svojo \u017eivahnostjo in igrivostjo pa so se v nadaljevanju predstavili \u0161e s pesmicama Backi za lahko no\u010d in Moj o\u010dka ima konji\u010dka dva. V nadaljevanju smo prisluhnili u\u010dencem 2. b razreda, ki so se nam predstavili [&hellip;]<\/p>\n","protected":false},"author":35615,"featured_media":0,"comment_status":"closed","ping_status":"closed","sticky":false,"template":"","format":"standard","meta":{"footnotes":""},"categories":[1],"tags":[],"class_list":["post-2323","post","type-post","status-publish","format-standard","hentry","category-novice"],"_links":{"self":[{"href":"https:\/\/www.osobdravinji.si\/index.php?rest_route=\/wp\/v2\/posts\/2323","targetHints":{"allow":["GET"]}}],"collection":[{"href":"https:\/\/www.osobdravinji.si\/index.php?rest_route=\/wp\/v2\/posts"}],"about":[{"href":"https:\/\/www.osobdravinji.si\/index.php?rest_route=\/wp\/v2\/types\/post"}],"author":[{"embeddable":true,"href":"https:\/\/www.osobdravinji.si\/index.php?rest_route=\/wp\/v2\/users\/35615"}],"replies":[{"embeddable":true,"href":"https:\/\/www.osobdravinji.si\/index.php?rest_route=%2Fwp%2Fv2%2Fcomments&post=2323"}],"version-history":[{"count":3,"href":"https:\/\/www.osobdravinji.si\/index.php?rest_route=\/wp\/v2\/posts\/2323\/revisions"}],"predecessor-version":[{"id":2413,"href":"https:\/\/www.osobdravinji.si\/index.php?rest_route=\/wp\/v2\/posts\/2323\/revisions\/2413"}],"wp:attachment":[{"href":"https:\/\/www.osobdravinji.si\/index.php?rest_route=%2Fwp%2Fv2%2Fmedia&parent=2323"}],"wp:term":[{"taxonomy":"category","embeddable":true,"href":"https:\/\/www.osobdravinji.si\/index.php?rest_route=%2Fwp%2Fv2%2Fcategories&post=2323"},{"taxonomy":"post_tag","embeddable":true,"href":"https:\/\/www.osobdravinji.si\/index.php?rest_route=%2Fwp%2Fv2%2Ftags&post=2323"}],"curies":[{"name":"wp","href":"https:\/\/api.w.org\/{rel}","templated":true}]}}