{"id":1551,"date":"2019-11-10T21:51:38","date_gmt":"2019-11-10T20:51:38","guid":{"rendered":"http:\/\/osobdravinji.splet.arnes.si\/?p=1551"},"modified":"2019-11-11T20:48:52","modified_gmt":"2019-11-11T19:48:52","slug":"male-sive-celice-2019","status":"publish","type":"post","link":"https:\/\/www.osobdravinji.si\/?p=1551","title":{"rendered":"Male sive celice 2019"},"content":{"rendered":"<h5>V sredo, dne 6. 11. 2019, se je 35 u\u010dencev skupaj z u\u010diteljicami in ravnateljico ob enajsti uri dopoldne odpravilo v Ljubljano, kjer so se na RTV Slovenija udele\u017eili snemanja priljubljene mladinske oddaje Male sive celice. Za tako edinstveno izku\u0161njo se lahko zahvalijo Urhu Hla\u010darju iz 7. c-razreda, Dominiku Plohlu iz 8. a-razreda in \u017digi \u017dnidar\u0161i\u010du Pu\u0161niku iz 9. b-razreda, ki so v regijskem izboru \u00bbpometli\u00ab s konkurenco ter nam po nekaj letih, odkar na\u0161a \u0161ola sodeluje v izborih, ponovno omogo\u010dili nastop v oddaji. Vsi trije fantje so pokazali ogromno mero znanja, spretnosti, hitrosti in, kar je zelo pomembno, borbenosti do samega konca \u00bbtekme\u00ab. Pri tem so jih ve\u010d kot odli\u010dno spodbujali navija\u010di s tribun, ki so, kot se spodobi, navijali glasno, korektno ter ploskali tudi nasprotnikom. \u017dal je s kan\u010dkom sre\u010de in z zgolj osmimi to\u010dkami razlike zmagala Osnovna \u0161ola Kajetana Kovi\u010da iz Polj\u010dan. V o\u010deh na\u0161ih tekmovalcev je bilo po koncu oddaje mogo\u010de videti kar precej\u0161njo mero razo\u010daranja, kar pomeni, da so bili s srcem pri stvari, da so si resni\u010dno \u017eeleli zmage. \u017dal je v tekmovanjih vedno tako, da nekdo zmaga, drugi izgubi, vendar pa smo ta dan zmagali tudi mi \u2013 \u017ee sama uvrstitev na snemanje je bila neverjeten uspeh, na katerega smo izredno ponosni. Iskrene \u010destitke fantom, navija\u010dem in mentorici, gospe Anici Vehovar.<\/h5>\n<h5>Male sive celice so na sporedu vsako soboto ob 9.20. Priporo\u010damo ogled, saj se lahko ob tem veliko nau\u010dite. Na\u0161e u\u010dence pa boste lahko spremljali 23. novembra 2019.<\/h5>\n<p><a href=\"http:\/\/osobdravinji.splet.arnes.si\/files\/2019\/11\/20191106_154740.jpg\"><img loading=\"lazy\" decoding=\"async\" class=\"alignnone size-large wp-image-1593\" src=\"http:\/\/osobdravinji.splet.arnes.si\/files\/2019\/11\/20191106_154740-1024x768.jpg\" alt=\"\" width=\"887\" height=\"665\" srcset=\"https:\/\/www.osobdravinji.si\/files\/2019\/11\/20191106_154740-1024x768.jpg 1024w, https:\/\/www.osobdravinji.si\/files\/2019\/11\/20191106_154740-300x225.jpg 300w, https:\/\/www.osobdravinji.si\/files\/2019\/11\/20191106_154740-768x576.jpg 768w, https:\/\/www.osobdravinji.si\/files\/2019\/11\/20191106_154740-73x55.jpg 73w, https:\/\/www.osobdravinji.si\/files\/2019\/11\/20191106_154740-947x710.jpg 947w, https:\/\/www.osobdravinji.si\/files\/2019\/11\/20191106_154740-624x468.jpg 624w\" sizes=\"auto, (max-width: 887px) 100vw, 887px\" \/><\/a> <a href=\"http:\/\/osobdravinji.splet.arnes.si\/files\/2019\/11\/IMG_0809.jpg\"><img loading=\"lazy\" decoding=\"async\" class=\"alignnone size-large wp-image-1597\" src=\"http:\/\/osobdravinji.splet.arnes.si\/files\/2019\/11\/IMG_0809-1024x768.jpg\" alt=\"\" width=\"887\" height=\"665\" srcset=\"https:\/\/www.osobdravinji.si\/files\/2019\/11\/IMG_0809-1024x768.jpg 1024w, https:\/\/www.osobdravinji.si\/files\/2019\/11\/IMG_0809-300x225.jpg 300w, https:\/\/www.osobdravinji.si\/files\/2019\/11\/IMG_0809-768x576.jpg 768w, https:\/\/www.osobdravinji.si\/files\/2019\/11\/IMG_0809-73x55.jpg 73w, https:\/\/www.osobdravinji.si\/files\/2019\/11\/IMG_0809-947x710.jpg 947w, https:\/\/www.osobdravinji.si\/files\/2019\/11\/IMG_0809-624x468.jpg 624w\" sizes=\"auto, (max-width: 887px) 100vw, 887px\" \/><\/a> <a href=\"http:\/\/osobdravinji.splet.arnes.si\/files\/2019\/11\/IMG_0811.jpg\"><img loading=\"lazy\" decoding=\"async\" class=\"alignnone size-large wp-image-1599\" src=\"http:\/\/osobdravinji.splet.arnes.si\/files\/2019\/11\/IMG_0811-1024x768.jpg\" alt=\"\" width=\"887\" height=\"665\" srcset=\"https:\/\/www.osobdravinji.si\/files\/2019\/11\/IMG_0811-1024x768.jpg 1024w, https:\/\/www.osobdravinji.si\/files\/2019\/11\/IMG_0811-300x225.jpg 300w, https:\/\/www.osobdravinji.si\/files\/2019\/11\/IMG_0811-768x576.jpg 768w, https:\/\/www.osobdravinji.si\/files\/2019\/11\/IMG_0811-73x55.jpg 73w, https:\/\/www.osobdravinji.si\/files\/2019\/11\/IMG_0811-947x710.jpg 947w, https:\/\/www.osobdravinji.si\/files\/2019\/11\/IMG_0811-624x468.jpg 624w\" sizes=\"auto, (max-width: 887px) 100vw, 887px\" \/><\/a> <a href=\"http:\/\/osobdravinji.splet.arnes.si\/files\/2019\/11\/IMG_0813.jpg\"><img loading=\"lazy\" decoding=\"async\" class=\"alignnone size-large wp-image-1601\" src=\"http:\/\/osobdravinji.splet.arnes.si\/files\/2019\/11\/IMG_0813-1024x768.jpg\" alt=\"\" width=\"887\" height=\"665\" srcset=\"https:\/\/www.osobdravinji.si\/files\/2019\/11\/IMG_0813-1024x768.jpg 1024w, https:\/\/www.osobdravinji.si\/files\/2019\/11\/IMG_0813-300x225.jpg 300w, https:\/\/www.osobdravinji.si\/files\/2019\/11\/IMG_0813-768x576.jpg 768w, https:\/\/www.osobdravinji.si\/files\/2019\/11\/IMG_0813-73x55.jpg 73w, https:\/\/www.osobdravinji.si\/files\/2019\/11\/IMG_0813-947x710.jpg 947w, https:\/\/www.osobdravinji.si\/files\/2019\/11\/IMG_0813-624x468.jpg 624w\" sizes=\"auto, (max-width: 887px) 100vw, 887px\" \/><\/a><\/p>\n<p>&nbsp;<\/p>\n","protected":false},"excerpt":{"rendered":"<p>V sredo, dne 6. 11. 2019, se je 35 u\u010dencev skupaj z u\u010diteljicami in ravnateljico ob enajsti uri dopoldne odpravilo v Ljubljano, kjer so se na RTV Slovenija udele\u017eili snemanja priljubljene mladinske oddaje Male sive celice. Za tako edinstveno izku\u0161njo se lahko zahvalijo Urhu Hla\u010darju iz 7. c-razreda, Dominiku Plohlu iz 8. a-razreda in \u017digi \u017dnidar\u0161i\u010du Pu\u0161niku iz 9. b-razreda, ki so v regijskem izboru \u00bbpometli\u00ab s konkurenco ter nam po nekaj letih, odkar na\u0161a \u0161ola sodeluje v izborih, ponovno omogo\u010dili nastop v oddaji. Vsi trije fantje so pokazali ogromno mero znanja, spretnosti, hitrosti in, kar je zelo pomembno, borbenosti [&hellip;]<\/p>\n","protected":false},"author":35615,"featured_media":0,"comment_status":"closed","ping_status":"closed","sticky":false,"template":"","format":"standard","meta":{"footnotes":""},"categories":[1],"tags":[],"class_list":["post-1551","post","type-post","status-publish","format-standard","hentry","category-novice"],"_links":{"self":[{"href":"https:\/\/www.osobdravinji.si\/index.php?rest_route=\/wp\/v2\/posts\/1551","targetHints":{"allow":["GET"]}}],"collection":[{"href":"https:\/\/www.osobdravinji.si\/index.php?rest_route=\/wp\/v2\/posts"}],"about":[{"href":"https:\/\/www.osobdravinji.si\/index.php?rest_route=\/wp\/v2\/types\/post"}],"author":[{"embeddable":true,"href":"https:\/\/www.osobdravinji.si\/index.php?rest_route=\/wp\/v2\/users\/35615"}],"replies":[{"embeddable":true,"href":"https:\/\/www.osobdravinji.si\/index.php?rest_route=%2Fwp%2Fv2%2Fcomments&post=1551"}],"version-history":[{"count":3,"href":"https:\/\/www.osobdravinji.si\/index.php?rest_route=\/wp\/v2\/posts\/1551\/revisions"}],"predecessor-version":[{"id":1591,"href":"https:\/\/www.osobdravinji.si\/index.php?rest_route=\/wp\/v2\/posts\/1551\/revisions\/1591"}],"wp:attachment":[{"href":"https:\/\/www.osobdravinji.si\/index.php?rest_route=%2Fwp%2Fv2%2Fmedia&parent=1551"}],"wp:term":[{"taxonomy":"category","embeddable":true,"href":"https:\/\/www.osobdravinji.si\/index.php?rest_route=%2Fwp%2Fv2%2Fcategories&post=1551"},{"taxonomy":"post_tag","embeddable":true,"href":"https:\/\/www.osobdravinji.si\/index.php?rest_route=%2Fwp%2Fv2%2Ftags&post=1551"}],"curies":[{"name":"wp","href":"https:\/\/api.w.org\/{rel}","templated":true}]}}