{"id":1373,"date":"2019-10-21T08:45:01","date_gmt":"2019-10-21T06:45:01","guid":{"rendered":"http:\/\/osobdravinji.splet.arnes.si\/?p=1373"},"modified":"2019-10-21T12:32:34","modified_gmt":"2019-10-21T10:32:34","slug":"obisk-ucencev-iz-srbije","status":"publish","type":"post","link":"https:\/\/www.osobdravinji.si\/?p=1373","title":{"rendered":"Obisk u\u010dencev iz Srbije"},"content":{"rendered":"<p>V petek, 18. 10. 2019, smo na na\u0161i \u0161oli gostili u\u010denke in u\u010dence iz Srbije. Za njih smo pripravili kratek kulturni program. Prireditev sva vodila jaz in na\u0161a sedmo\u0161olka Marija, ki se je pred dvema letoma v Slov. Konjice preselila prav iz Srbije, sedaj pa \u0161e drugo leto obiskuje O\u0160 Ob Dravinji. Marija je vodila prireditev v srbskem jeziku. Obiskovalcem sva nato predstavila \u0161olo, jih seznanila s \u0161tevilom u\u010dencev, u\u010diteljev in oddelkov na \u0161oli ter z aktivnostmi, ki se pri nas dogajajo med \u0161olskim letom. Povedala sva, da na\u0161o \u0161olo obiskuje kar nekaj otrok iz tujega govornega obmo\u010dja, ki se pri nas dobro po\u010dutijo. Ker je bila ravnateljica slu\u017ebeno odsotna, je goste pozdravila njena pomo\u010dnica, gospa Petra Paradi\u017enik. Na\u0161 oto\u0161ki pevski zbor pa jim je zapel dve pesmi. Na koncu programa smo goste povabili na sprehod po \u0161oli.<\/p>\n<p>Timotej Polenek, 8. b<\/p>\n<p><img loading=\"lazy\" decoding=\"async\" class=\"alignnone size-large wp-image-1377\" src=\"http:\/\/osobdravinji.splet.arnes.si\/files\/2019\/10\/20191018_091530-1024x768.jpg\" alt=\"\" width=\"887\" height=\"665\" srcset=\"https:\/\/www.osobdravinji.si\/files\/2019\/10\/20191018_091530-1024x768.jpg 1024w, https:\/\/www.osobdravinji.si\/files\/2019\/10\/20191018_091530-300x225.jpg 300w, https:\/\/www.osobdravinji.si\/files\/2019\/10\/20191018_091530-768x576.jpg 768w, https:\/\/www.osobdravinji.si\/files\/2019\/10\/20191018_091530-73x55.jpg 73w, https:\/\/www.osobdravinji.si\/files\/2019\/10\/20191018_091530-947x710.jpg 947w, https:\/\/www.osobdravinji.si\/files\/2019\/10\/20191018_091530-624x468.jpg 624w\" sizes=\"auto, (max-width: 887px) 100vw, 887px\" \/> <img loading=\"lazy\" decoding=\"async\" class=\"alignnone size-large wp-image-1379\" src=\"http:\/\/osobdravinji.splet.arnes.si\/files\/2019\/10\/20191018_091701-1024x768.jpg\" alt=\"\" width=\"887\" height=\"665\" srcset=\"https:\/\/www.osobdravinji.si\/files\/2019\/10\/20191018_091701-1024x768.jpg 1024w, https:\/\/www.osobdravinji.si\/files\/2019\/10\/20191018_091701-300x225.jpg 300w, https:\/\/www.osobdravinji.si\/files\/2019\/10\/20191018_091701-768x576.jpg 768w, https:\/\/www.osobdravinji.si\/files\/2019\/10\/20191018_091701-73x55.jpg 73w, https:\/\/www.osobdravinji.si\/files\/2019\/10\/20191018_091701-947x710.jpg 947w, https:\/\/www.osobdravinji.si\/files\/2019\/10\/20191018_091701-624x468.jpg 624w\" sizes=\"auto, (max-width: 887px) 100vw, 887px\" \/> <img loading=\"lazy\" decoding=\"async\" class=\"alignnone size-large wp-image-1381\" src=\"http:\/\/osobdravinji.splet.arnes.si\/files\/2019\/10\/20191018_090951-1024x768.jpg\" alt=\"\" width=\"887\" height=\"665\" srcset=\"https:\/\/www.osobdravinji.si\/files\/2019\/10\/20191018_090951-1024x768.jpg 1024w, https:\/\/www.osobdravinji.si\/files\/2019\/10\/20191018_090951-300x225.jpg 300w, https:\/\/www.osobdravinji.si\/files\/2019\/10\/20191018_090951-768x576.jpg 768w, https:\/\/www.osobdravinji.si\/files\/2019\/10\/20191018_090951-73x55.jpg 73w, https:\/\/www.osobdravinji.si\/files\/2019\/10\/20191018_090951-947x710.jpg 947w, https:\/\/www.osobdravinji.si\/files\/2019\/10\/20191018_090951-624x468.jpg 624w\" sizes=\"auto, (max-width: 887px) 100vw, 887px\" \/><\/p>\n","protected":false},"excerpt":{"rendered":"<p>V petek, 18. 10. 2019, smo na na\u0161i \u0161oli gostili u\u010denke in u\u010dence iz Srbije. Za njih smo pripravili kratek kulturni program. Prireditev sva vodila jaz in na\u0161a sedmo\u0161olka Marija, ki se je pred dvema letoma v Slov. Konjice preselila prav iz Srbije, sedaj pa \u0161e drugo leto obiskuje O\u0160 Ob Dravinji. Marija je vodila prireditev v srbskem jeziku. Obiskovalcem sva nato predstavila \u0161olo, jih seznanila s \u0161tevilom u\u010dencev, u\u010diteljev in oddelkov na \u0161oli ter z aktivnostmi, ki se pri nas dogajajo med \u0161olskim letom. Povedala sva, da na\u0161o \u0161olo obiskuje kar nekaj otrok iz tujega govornega obmo\u010dja, ki se [&hellip;]<\/p>\n","protected":false},"author":35617,"featured_media":0,"comment_status":"closed","ping_status":"closed","sticky":false,"template":"","format":"standard","meta":{"footnotes":""},"categories":[1],"tags":[],"class_list":["post-1373","post","type-post","status-publish","format-standard","hentry","category-novice"],"_links":{"self":[{"href":"https:\/\/www.osobdravinji.si\/index.php?rest_route=\/wp\/v2\/posts\/1373","targetHints":{"allow":["GET"]}}],"collection":[{"href":"https:\/\/www.osobdravinji.si\/index.php?rest_route=\/wp\/v2\/posts"}],"about":[{"href":"https:\/\/www.osobdravinji.si\/index.php?rest_route=\/wp\/v2\/types\/post"}],"author":[{"embeddable":true,"href":"https:\/\/www.osobdravinji.si\/index.php?rest_route=\/wp\/v2\/users\/35617"}],"replies":[{"embeddable":true,"href":"https:\/\/www.osobdravinji.si\/index.php?rest_route=%2Fwp%2Fv2%2Fcomments&post=1373"}],"version-history":[{"count":3,"href":"https:\/\/www.osobdravinji.si\/index.php?rest_route=\/wp\/v2\/posts\/1373\/revisions"}],"predecessor-version":[{"id":1383,"href":"https:\/\/www.osobdravinji.si\/index.php?rest_route=\/wp\/v2\/posts\/1373\/revisions\/1383"}],"wp:attachment":[{"href":"https:\/\/www.osobdravinji.si\/index.php?rest_route=%2Fwp%2Fv2%2Fmedia&parent=1373"}],"wp:term":[{"taxonomy":"category","embeddable":true,"href":"https:\/\/www.osobdravinji.si\/index.php?rest_route=%2Fwp%2Fv2%2Fcategories&post=1373"},{"taxonomy":"post_tag","embeddable":true,"href":"https:\/\/www.osobdravinji.si\/index.php?rest_route=%2Fwp%2Fv2%2Ftags&post=1373"}],"curies":[{"name":"wp","href":"https:\/\/api.w.org\/{rel}","templated":true}]}}