{"id":131,"date":"2019-09-02T19:06:48","date_gmt":"2019-09-02T17:06:48","guid":{"rendered":"http:\/\/osobdravinji.splet.arnes.si\/?p=131"},"modified":"2019-09-02T19:06:48","modified_gmt":"2019-09-02T17:06:48","slug":"prvi-solski-dan-v-solskem-letu-20192020","status":"publish","type":"post","link":"https:\/\/www.osobdravinji.si\/?p=131","title":{"rendered":"Prvi \u0161olski dan v \u0161olskem letu 2019\/2020"},"content":{"rendered":"<p><em>Vsako leto isti \u010das<br \/>\npride v na\u0161o malo vas<br \/>\nslikarka, znana dobro vsem,<br \/>\nime ji je gospa Jesen.<\/em><\/p>\n<p><em><br \/>\nRumeno, rde\u010de in rjavo<br \/>\nnam poslika vso naravo.<\/em><\/p>\n<p><em>Vsaki\u010d znova poskrbi,<\/em><\/p>\n<p><em>da v \u0161olo mlade\u017e odhiti.<\/em><\/p>\n<p><em>(Prirejeno po S. Mali)<\/em><\/p>\n<p><strong>Dragi u\u010denci, spo\u0161tovani star\u0161i!<\/strong><\/p>\n<p>Gospa Jesen \u017ee nesli\u0161no stopa po na\u0161ih krajih in oznanja pri\u010detek novega \u0161olskega leta, ki se bo pri\u010del v ponedeljek,\u00a0<strong>2. septembra.<\/strong><\/p>\n<p><strong>1. \u0161olski dan se za u\u010dence od 2. do 9. razreda pri\u010dne ob 8.20.<\/strong><\/p>\n<p>U\u010denci 2. in 3. razreda vstopijo v \u0161olo pri vhodu 1. triletja in odidejo v razrede.<\/p>\n<p>U\u010dence od 4. do 9. razreda napro\u0161amo, da se zberejo na plo\u0161\u010dadi pred glavnim vhodom, kjer jih bodo sprejeli njihovi razredniki.<\/p>\n<p>1. \u0161olski dan bodo na urniku 4 \u0161olske ure in sicer dve razredni uri in dve uri po urniku.<\/p>\n<p>\u0160olski avtobusi bodo zjutraj vozili po ustaljenem voznem redu. Odhodi \u0161olskih avtobusov bodo ob 12. uri.<\/p>\n<p>Za vse u\u010dence bo pripravljena \u0161olska malica, za u\u010dence od 2. do 5. razreda pa bo pripravljeno tudi kosilo. Prav tako bo ta dan organizirano jutranje varstvo in podalj\u0161ano bivanje.<\/p>\n<p>Ta dan u\u010denci od 3. do 5. razreda v \u0161olo prinesejo \u0161olske torbice s potreb\u0161\u010dinami, u\u010denci od 6. do 9. razreda pa potrebujejo klju\u010de od omaric, \u0161olske copate, bele\u017eko in pisalo.<\/p>\n<p>V prepri\u010danju, da bomo tudi v tem \u0161olskem letu nadaljevali z najrazli\u010dnej\u0161imi uspehi, vam izrekamo prisr\u010dno dobrodo\u0161lico.<\/p>\n<p>Ravnateljica<\/p>\n<p>mag. Nevenka Brdnik in delavci \u0161ole<\/p>\n","protected":false},"excerpt":{"rendered":"<p>Vsako leto isti \u010das pride v na\u0161o malo vas slikarka, znana dobro vsem, ime ji je gospa Jesen. Rumeno, rde\u010de in rjavo nam poslika vso naravo. Vsaki\u010d znova poskrbi, da v \u0161olo mlade\u017e odhiti. (Prirejeno po S. Mali) Dragi u\u010denci, spo\u0161tovani star\u0161i! Gospa Jesen \u017ee nesli\u0161no stopa po na\u0161ih krajih in oznanja pri\u010detek novega \u0161olskega leta, ki se bo pri\u010del v ponedeljek,\u00a02. septembra. 1. \u0161olski dan se za u\u010dence od 2. do 9. razreda pri\u010dne ob 8.20. U\u010denci 2. in 3. razreda vstopijo v \u0161olo pri vhodu 1. triletja in odidejo v razrede. U\u010dence od 4. do 9. razreda napro\u0161amo, [&hellip;]<\/p>\n","protected":false},"author":34631,"featured_media":0,"comment_status":"closed","ping_status":"closed","sticky":false,"template":"","format":"standard","meta":{"footnotes":""},"categories":[1],"tags":[],"class_list":["post-131","post","type-post","status-publish","format-standard","hentry","category-novice"],"_links":{"self":[{"href":"https:\/\/www.osobdravinji.si\/index.php?rest_route=\/wp\/v2\/posts\/131","targetHints":{"allow":["GET"]}}],"collection":[{"href":"https:\/\/www.osobdravinji.si\/index.php?rest_route=\/wp\/v2\/posts"}],"about":[{"href":"https:\/\/www.osobdravinji.si\/index.php?rest_route=\/wp\/v2\/types\/post"}],"author":[{"embeddable":true,"href":"https:\/\/www.osobdravinji.si\/index.php?rest_route=\/wp\/v2\/users\/34631"}],"replies":[{"embeddable":true,"href":"https:\/\/www.osobdravinji.si\/index.php?rest_route=%2Fwp%2Fv2%2Fcomments&post=131"}],"version-history":[{"count":1,"href":"https:\/\/www.osobdravinji.si\/index.php?rest_route=\/wp\/v2\/posts\/131\/revisions"}],"predecessor-version":[{"id":133,"href":"https:\/\/www.osobdravinji.si\/index.php?rest_route=\/wp\/v2\/posts\/131\/revisions\/133"}],"wp:attachment":[{"href":"https:\/\/www.osobdravinji.si\/index.php?rest_route=%2Fwp%2Fv2%2Fmedia&parent=131"}],"wp:term":[{"taxonomy":"category","embeddable":true,"href":"https:\/\/www.osobdravinji.si\/index.php?rest_route=%2Fwp%2Fv2%2Fcategories&post=131"},{"taxonomy":"post_tag","embeddable":true,"href":"https:\/\/www.osobdravinji.si\/index.php?rest_route=%2Fwp%2Fv2%2Ftags&post=131"}],"curies":[{"name":"wp","href":"https:\/\/api.w.org\/{rel}","templated":true}]}}