{"id":1107,"date":"2019-10-07T19:54:08","date_gmt":"2019-10-07T17:54:08","guid":{"rendered":"http:\/\/osobdravinji.splet.arnes.si\/?p=1107"},"modified":"2019-10-07T19:54:08","modified_gmt":"2019-10-07T17:54:08","slug":"urbani-sprehod-z-duso","status":"publish","type":"post","link":"https:\/\/www.osobdravinji.si\/?p=1107","title":{"rendered":"Urbani sprehod z du\u0161o"},"content":{"rendered":"<h5>V petek, 27. 9. 2019, smo se predstavniki \u0161olske skupnosti in u\u010denci, ki obiskujemo izbirni predmet \u0161olsko novinarstvo, udele\u017eili Urbanega sprehoda z du\u0161o po Slovenskih Konjicah. Pot se je za\u010dela na \u00a0Starem trgu, pred obnovljeno pisarno TIC-a, kjer nas je pozdravila gospa Tja\u0161a Kangler. Sledil je postanek pred stavbo dana\u0161nje cvetli\u010darne, kjer je bila neko\u010d po\u0161ta. Nad slednjo naj bi se rodil Ivan Minatti. U\u010diteljica Tina Esih je obiskovalcem dogodka razlo\u017eila, da je ta to\u010dka ena izmed sestavnih delov literarno-zgodovinske poti Po Minattijevih stopinjah, ki bo od marca 2020 na voljo obiskovalcem Slovenskih Konjic. U\u010diteljica Valentina Volav\u0161ek pa je skupaj z nadobudnimi u\u010denci na\u0161e \u0161ole pripravila \u010dudovito recitacijo ene izmed \u0161tevilnih Minattijevih pesmi. Pot smo nato nadaljevali do obnovljene stare tr\u017enice, preurejene v sodobno parkiri\u0161\u010de, ter do nove pridobitve na\u0161ega mesta \u2013 otro\u0161kega igrala zipline. Le-tega smo takoj preizkusili, po \u00bbdolgi\u00ab vo\u017enji pa je prav prijal po\u017eirek zelo okusne vode iz novo zgrajenih pitnikov. Predzadnja to\u010dka na\u0161ega sprehoda je bila izposojevalnica koles Kolesce, ki je uporabnikom v Konjicah na voljo kar na \u0161tirih lokacijah. Sledil je \u0161e postanek pred novim prostorom KA\u0160-a, ki je glavni organizator odmevne teka\u0161ke prireditve Konji\u0161ki maraton. Polni vtisov smo se vrnili pred pisarno TIC-a, kjer smo prisluhnili ubranim glasovom pevcev na\u0161ega \u0161olskega pevskega zbora, ki deluje pod vodstvom u\u010diteljice Janje Stampfer. Preden smo krenili nazaj proti \u0161oli, smo si privo\u0161\u010dili drobne prigrizke, u\u010diteljice pa so preizkusile Minattijevo kavo.<\/h5>\n<h5>Jaka Leskovar in Tia Godec, 8. b<\/h5>\n","protected":false},"excerpt":{"rendered":"<p>V petek, 27. 9. 2019, smo se predstavniki \u0161olske skupnosti in u\u010denci, ki obiskujemo izbirni predmet \u0161olsko novinarstvo, udele\u017eili Urbanega sprehoda z du\u0161o po Slovenskih Konjicah. Pot se je za\u010dela na \u00a0Starem trgu, pred obnovljeno pisarno TIC-a, kjer nas je pozdravila gospa Tja\u0161a Kangler. Sledil je postanek pred stavbo dana\u0161nje cvetli\u010darne, kjer je bila neko\u010d po\u0161ta. Nad slednjo naj bi se rodil Ivan Minatti. U\u010diteljica Tina Esih je obiskovalcem dogodka razlo\u017eila, da je ta to\u010dka ena izmed sestavnih delov literarno-zgodovinske poti Po Minattijevih stopinjah, ki bo od marca 2020 na voljo obiskovalcem Slovenskih Konjic. U\u010diteljica Valentina Volav\u0161ek pa je skupaj [&hellip;]<\/p>\n","protected":false},"author":35615,"featured_media":0,"comment_status":"closed","ping_status":"closed","sticky":false,"template":"","format":"standard","meta":{"footnotes":""},"categories":[1],"tags":[],"class_list":["post-1107","post","type-post","status-publish","format-standard","hentry","category-novice"],"_links":{"self":[{"href":"https:\/\/www.osobdravinji.si\/index.php?rest_route=\/wp\/v2\/posts\/1107","targetHints":{"allow":["GET"]}}],"collection":[{"href":"https:\/\/www.osobdravinji.si\/index.php?rest_route=\/wp\/v2\/posts"}],"about":[{"href":"https:\/\/www.osobdravinji.si\/index.php?rest_route=\/wp\/v2\/types\/post"}],"author":[{"embeddable":true,"href":"https:\/\/www.osobdravinji.si\/index.php?rest_route=\/wp\/v2\/users\/35615"}],"replies":[{"embeddable":true,"href":"https:\/\/www.osobdravinji.si\/index.php?rest_route=%2Fwp%2Fv2%2Fcomments&post=1107"}],"version-history":[{"count":1,"href":"https:\/\/www.osobdravinji.si\/index.php?rest_route=\/wp\/v2\/posts\/1107\/revisions"}],"predecessor-version":[{"id":1109,"href":"https:\/\/www.osobdravinji.si\/index.php?rest_route=\/wp\/v2\/posts\/1107\/revisions\/1109"}],"wp:attachment":[{"href":"https:\/\/www.osobdravinji.si\/index.php?rest_route=%2Fwp%2Fv2%2Fmedia&parent=1107"}],"wp:term":[{"taxonomy":"category","embeddable":true,"href":"https:\/\/www.osobdravinji.si\/index.php?rest_route=%2Fwp%2Fv2%2Fcategories&post=1107"},{"taxonomy":"post_tag","embeddable":true,"href":"https:\/\/www.osobdravinji.si\/index.php?rest_route=%2Fwp%2Fv2%2Ftags&post=1107"}],"curies":[{"name":"wp","href":"https:\/\/api.w.org\/{rel}","templated":true}]}}