{"id":1,"date":"2019-08-14T08:51:00","date_gmt":"2019-08-14T07:51:00","guid":{"rendered":"http:\/\/osobdravinji.splet.arnes.si\/?p=1"},"modified":"2019-09-02T19:07:23","modified_gmt":"2019-09-02T17:07:23","slug":"pozdravljen-svet","status":"publish","type":"post","link":"https:\/\/www.osobdravinji.si\/?p=1","title":{"rendered":"\u00bbOdleteli\u00ab smo na po\u010ditnice"},"content":{"rendered":"<p>V ponedeljek, 24. 6. 2019, smo se ob 9. uri v \u0161olski avli zbrali u\u010denci, u\u010ditelji in star\u0161i, da bi po\u010dastili dan dr\u017eavnosti in nasmejani stopili v poletne po\u010ditnice.<\/p>\n<p>Na prireditev je \u201cpo\u0161tar\u201d Timotej Polenek iz 7. b-razreda najprej prinesel \u010destitko, namenjeno na\u0161i zeleni domovini Sloveniji. Njej v \u010dast ji je OPZ pod vodstvom ge. Romane Pokorn zapel himno in pesem Pionirska. S humornimi vlo\u017eki so tudi ostali povezovalci iz 7. razredov \u2013 Jaka Lekosovar, Manca Levart, Bla\u017eka Mlakar, Anika Poto\u010dnik in Izabel \u017derjav \u2013 napovedali komorno skupino mentorice ge. Janje Stampfer, ki je zapela pesem \u017divljenje je lepo. Da smo FIT \u0161ola, so dokazali tudi na\u0161i gimnasti\u010darji z atraktivno gimnasti\u010dno to\u010dko, ki jo je z u\u010denci pripravil g. \u017dan Vrtovec. Peto\u0161olka Ema Okovi\u010d je ob spremljavi na klavir vsem prisotnim zapela, u\u010diteljice Kaja Bicskey, Romana Pokorn in Janja Stampfer pa so ob pesmi Zemlja ple\u0161e poleg petja tudi zaplesale. Pod mentorstvom ge. Janje Stampfer je OPZ 3. in 4. razredov zapel pesem Sprehod in nas popeljal do konca prireditve, ko so nas tri u\u010diteljice ponovno presenetile s pesmijo Lahko ti podarim samo ljubezen in nas kot stevardese odpeljale z letalom na zaslu\u017eene po\u010ditnice.<\/p>\n<p>Na prireditvi smo podelili tudi priznanja najuspe\u0161nej\u0161im u\u010dencem \u0161ole na razli\u010dnih podro\u010djih, za kar sta poskrbeli ravnateljica \u0161ole, magistra Nevenka Brdnik, in pomo\u010dnica ravnateljice, ga. Petra Paradi\u017enik.<\/p>\n","protected":false},"excerpt":{"rendered":"<p>V ponedeljek, 24. 6. 2019, smo se ob 9. uri v \u0161olski avli zbrali u\u010denci, u\u010ditelji in star\u0161i, da bi po\u010dastili dan dr\u017eavnosti in nasmejani stopili v poletne po\u010ditnice. Na prireditev je \u201cpo\u0161tar\u201d Timotej Polenek iz 7. b-razreda najprej prinesel \u010destitko, namenjeno na\u0161i zeleni domovini Sloveniji. Njej v \u010dast ji je OPZ pod vodstvom ge. Romane Pokorn zapel himno in pesem Pionirska. S humornimi vlo\u017eki so tudi ostali povezovalci iz 7. razredov \u2013 Jaka Lekosovar, Manca Levart, Bla\u017eka Mlakar, Anika Poto\u010dnik in Izabel \u017derjav \u2013 napovedali komorno skupino mentorice ge. Janje Stampfer, ki je zapela pesem \u017divljenje je lepo. Da [&hellip;]<\/p>\n","protected":false},"author":34631,"featured_media":0,"comment_status":"open","ping_status":"open","sticky":false,"template":"","format":"standard","meta":{"footnotes":""},"categories":[1],"tags":[],"class_list":["post-1","post","type-post","status-publish","format-standard","hentry","category-novice"],"_links":{"self":[{"href":"https:\/\/www.osobdravinji.si\/index.php?rest_route=\/wp\/v2\/posts\/1","targetHints":{"allow":["GET"]}}],"collection":[{"href":"https:\/\/www.osobdravinji.si\/index.php?rest_route=\/wp\/v2\/posts"}],"about":[{"href":"https:\/\/www.osobdravinji.si\/index.php?rest_route=\/wp\/v2\/types\/post"}],"author":[{"embeddable":true,"href":"https:\/\/www.osobdravinji.si\/index.php?rest_route=\/wp\/v2\/users\/34631"}],"replies":[{"embeddable":true,"href":"https:\/\/www.osobdravinji.si\/index.php?rest_route=%2Fwp%2Fv2%2Fcomments&post=1"}],"version-history":[{"count":2,"href":"https:\/\/www.osobdravinji.si\/index.php?rest_route=\/wp\/v2\/posts\/1\/revisions"}],"predecessor-version":[{"id":135,"href":"https:\/\/www.osobdravinji.si\/index.php?rest_route=\/wp\/v2\/posts\/1\/revisions\/135"}],"wp:attachment":[{"href":"https:\/\/www.osobdravinji.si\/index.php?rest_route=%2Fwp%2Fv2%2Fmedia&parent=1"}],"wp:term":[{"taxonomy":"category","embeddable":true,"href":"https:\/\/www.osobdravinji.si\/index.php?rest_route=%2Fwp%2Fv2%2Fcategories&post=1"},{"taxonomy":"post_tag","embeddable":true,"href":"https:\/\/www.osobdravinji.si\/index.php?rest_route=%2Fwp%2Fv2%2Ftags&post=1"}],"curies":[{"name":"wp","href":"https:\/\/api.w.org\/{rel}","templated":true}]}}